{"id":17404,"date":"2017-02-27T09:13:57","date_gmt":"2017-02-27T08:13:57","guid":{"rendered":"https:\/\/cram.org\/ca\/?p=17404"},"modified":"2017-03-01T16:46:29","modified_gmt":"2017-03-01T15:46:29","slug":"balenes-a-la-vista-al-litoral-catala","status":"publish","type":"post","link":"https:\/\/cram.org\/ca\/balenes-a-la-vista-al-litoral-catala\/","title":{"rendered":"Balenes a la vista al litoral catal\u00e0"},"content":{"rendered":"<p style=\"text-align: justify;\">Un any mes, l&#8217;arribada del bon temps no solament indica que s&#8217;acosta la primavera, sin\u00f3 que a\u00a0la costa catalana tamb\u00e9 coincideix amb la visita de moltes esp\u00e8cies d&#8217;animals marins, aquest \u00e9s el cas del\u00a0<a href=\"https:\/\/cram.org\/ca\/cataleg-especies\/mamifers-marins\/cetacis\/rorqual-comu-balena\/\"><strong>rorqual com\u00fa<\/strong><\/a> (<em>Balaenoptera physalus<\/em>).<\/p>\n<p style=\"text-align: justify;\">Aquest\u00a027 de febrer, al mat\u00ed, un pescador de la confraria de Cambrils va realitzat el primer albirament de rorqual del 2017 a la costa situada entre Tarragona i Barcelona segons un comunicat de la Associaci\u00f3\u00a0<a href=\"http:\/\/www.edmaktub.org\/\"><strong>Edmaktub<\/strong><\/a>, i es va donar el tret de sortida de la temporada d\u2019albirament, que es calcula que durar\u00e0 fins a principis d\u2019estiu.<\/p>\n<p style=\"text-align: justify;\">El rorqual com\u00fa \u00e9s la segona balena m\u00e9s gran del m\u00f3n despr\u00e9s de la balena blava, i l&#8217;\u00fanica que podem veure de forma regular a les costes catalanes. Anualment, durant els mesos de primavera, desenes de rorquals fan parada a davant de les costes del Garraf en el seu viatge cap al nord-est Mediterrani.<\/p>\n<p style=\"text-align: justify;\">Si voleu gaudir d\u2019aquest espectacle de la naturalesa, podeu enfilar-vos al mass\u00eds del Garraf un dia de bona visibilitat. Amb uns prism\u00e0tics i for\u00e7a paci\u00e8ncia potser veureu esbufegar el mam\u00edfer m\u00e9s gran del mar Mediterrani. Si per contra, teniu la sort de poder creuar-vos amb algun d\u2019aquests exemplars mentre navegueu, procureu no molestar-los. Un mal comportament pot tenir conseq\u00fc\u00e8ncies desastroses per a l\u2019esp\u00e8cie. Admireu aquests gegants des d\u2019una dist\u00e0ncia prudencial, \u00e9s important no interferir en el seu viatge, no tallar-los el pas i evitar qualsevol comportament que pugui neguitejar-los.<\/p>\n<p style=\"text-align: justify;\">El rorqual com\u00fa \u00e9s una esp\u00e8cie protegida al mar Mediterrani i \u00e9s responsabilitat de tots vetllar per a la seva conservaci\u00f3. Les col\u00b7lisions amb vaixells, la contaminaci\u00f3 ac\u00fastica i la qu\u00edmica per metalls pesats, insecticides o d\u2019altres subst\u00e0ncies t\u00f2xiques s\u00f3n els principals factors que amenacen la conservaci\u00f3 d\u2019aquesta esp\u00e8cie. Ajuntem forces per ajudar a fer que\u00a0 aquests majestuosos animals segueixin visitant-nos durant molts i molts anys.<\/p>\n<blockquote>\n<h2>Si voleu con\u00e8ixer millor aquests gegants marins, podeu assistir al\u00a0<a href=\"https:\/\/cram.org\/ca\/educacio-i-formacio\/cursos-de-formacio\/curs-cetacis\/\"><strong>curs de cetacis<\/strong><\/a> que impartirem a la Fundaci\u00f3 CRAM el cap de setmana del 18-19 de mar\u00e7. A m\u00e9s, es pot completar amb una sortida d&#8217;albirament al litoral catal\u00e0.<\/h2>\n<\/blockquote>\n<p>&nbsp;<\/p>\n","protected":false},"excerpt":{"rendered":"<p>Un any mes, l&#8217;arribada del bon temps no solament indica que s&#8217;acosta la primavera, sin\u00f3 que a\u00a0la costa catalana tamb\u00e9 coincideix amb la visita de moltes esp\u00e8cies d&#8217;animals marins, aquest \u00e9s el cas del\u00a0rorqual com\u00fa (Balaenoptera physalus). Aquest\u00a027 de febrer, al mat\u00ed, un pescador de la confraria de Cambrils va realitzat el primer albirament [&#8230;]<\/p>\n","protected":false},"author":1,"featured_media":17401,"comment_status":"closed","ping_status":"closed","sticky":false,"template":"","format":"standard","meta":{"footnotes":"","_members_access_role":[],"_members_access_error":""},"categories":[71],"tags":[],"class_list":["post-17404","post","type-post","status-publish","format-standard","has-post-thumbnail","hentry","category-noticies"],"yoast_head":"<!-- This site is optimized with the Yoast SEO plugin v28.4 - https:\/\/yoast.com\/product\/yoast-seo-wordpress\/ -->\n<title>Balenes a la vista al litoral catal\u00e0 - CRAM<\/title>\n<meta name=\"robots\" content=\"index, follow, max-snippet:-1, max-image-preview:large, max-video-preview:-1\" \/>\n<link rel=\"canonical\" href=\"https:\/\/cram.org\/ca\/balenes-a-la-vista-al-litoral-catala\/\" \/>\n<meta property=\"og:locale\" content=\"ca_ES\" \/>\n<meta property=\"og:type\" content=\"article\" \/>\n<meta property=\"og:title\" content=\"Balenes a la vista al litoral catal\u00e0 - CRAM\" \/>\n<meta property=\"og:description\" content=\"Un any mes, l&#8217;arribada del bon temps no solament indica que s&#8217;acosta la primavera, sin\u00f3 que a\u00a0la costa catalana tamb\u00e9 coincideix amb la visita de moltes esp\u00e8cies d&#8217;animals marins, aquest \u00e9s el cas del\u00a0rorqual com\u00fa (Balaenoptera physalus). Aquest\u00a027 de febrer, al mat\u00ed, un pescador de la confraria de Cambrils va realitzat el primer albirament [...]\" \/>\n<meta property=\"og:url\" content=\"https:\/\/cram.org\/ca\/balenes-a-la-vista-al-litoral-catala\/\" \/>\n<meta property=\"og:site_name\" content=\"CRAM\" \/>\n<meta property=\"article:publisher\" content=\"https:\/\/www.facebook.com\/fundacioncram\" \/>\n<meta property=\"article:published_time\" content=\"2017-02-27T08:13:57+00:00\" \/>\n<meta property=\"article:modified_time\" content=\"2017-03-01T15:46:29+00:00\" \/>\n<meta property=\"og:image\" content=\"https:\/\/cram.org\/wp-content\/uploads\/2016\/03\/noticia-Ballenas-a-la-vista-en-el-litoral-catalan.jpg\" \/>\n\t<meta property=\"og:image:width\" content=\"1280\" \/>\n\t<meta property=\"og:image:height\" content=\"550\" \/>\n\t<meta property=\"og:image:type\" content=\"image\/jpeg\" \/>\n<meta name=\"author\" content=\"webmaster\" \/>\n<meta name=\"twitter:card\" content=\"summary_large_image\" \/>\n<meta name=\"twitter:creator\" content=\"@crampress\" \/>\n<meta name=\"twitter:site\" content=\"@crampress\" \/>\n<meta name=\"twitter:label1\" content=\"Escrit per\" \/>\n\t<meta name=\"twitter:data1\" content=\"webmaster\" \/>\n\t<meta name=\"twitter:label2\" content=\"Temps estimat de lectura\" \/>\n\t<meta name=\"twitter:data2\" content=\"2 minuts\" \/>\n<script type=\"application\/ld+json\" class=\"yoast-schema-graph\">{\"@context\":\"https:\\\/\\\/schema.org\",\"@graph\":[{\"@type\":\"Article\",\"@id\":\"https:\\\/\\\/cram.org\\\/ca\\\/balenes-a-la-vista-al-litoral-catala\\\/#article\",\"isPartOf\":{\"@id\":\"https:\\\/\\\/cram.org\\\/ca\\\/balenes-a-la-vista-al-litoral-catala\\\/\"},\"author\":{\"name\":\"webmaster\",\"@id\":\"https:\\\/\\\/cram.org\\\/#\\\/schema\\\/person\\\/8894f88019e7e1ff32a9fbb72b39d3b8\"},\"headline\":\"Balenes a la vista al litoral catal\u00e0\",\"datePublished\":\"2017-02-27T08:13:57+00:00\",\"dateModified\":\"2017-03-01T15:46:29+00:00\",\"mainEntityOfPage\":{\"@id\":\"https:\\\/\\\/cram.org\\\/ca\\\/balenes-a-la-vista-al-litoral-catala\\\/\"},\"wordCount\":387,\"publisher\":{\"@id\":\"https:\\\/\\\/cram.org\\\/#organization\"},\"image\":{\"@id\":\"https:\\\/\\\/cram.org\\\/ca\\\/balenes-a-la-vista-al-litoral-catala\\\/#primaryimage\"},\"thumbnailUrl\":\"https:\\\/\\\/cram.org\\\/wp-content\\\/uploads\\\/2016\\\/03\\\/noticia-Ballenas-a-la-vista-en-el-litoral-catalan.jpg\",\"articleSection\":[\"not\u00edcies\"],\"inLanguage\":\"ca\"},{\"@type\":\"WebPage\",\"@id\":\"https:\\\/\\\/cram.org\\\/ca\\\/balenes-a-la-vista-al-litoral-catala\\\/\",\"url\":\"https:\\\/\\\/cram.org\\\/ca\\\/balenes-a-la-vista-al-litoral-catala\\\/\",\"name\":\"Balenes a la vista al litoral catal\u00e0 - CRAM\",\"isPartOf\":{\"@id\":\"https:\\\/\\\/cram.org\\\/#website\"},\"primaryImageOfPage\":{\"@id\":\"https:\\\/\\\/cram.org\\\/ca\\\/balenes-a-la-vista-al-litoral-catala\\\/#primaryimage\"},\"image\":{\"@id\":\"https:\\\/\\\/cram.org\\\/ca\\\/balenes-a-la-vista-al-litoral-catala\\\/#primaryimage\"},\"thumbnailUrl\":\"https:\\\/\\\/cram.org\\\/wp-content\\\/uploads\\\/2016\\\/03\\\/noticia-Ballenas-a-la-vista-en-el-litoral-catalan.jpg\",\"datePublished\":\"2017-02-27T08:13:57+00:00\",\"dateModified\":\"2017-03-01T15:46:29+00:00\",\"breadcrumb\":{\"@id\":\"https:\\\/\\\/cram.org\\\/ca\\\/balenes-a-la-vista-al-litoral-catala\\\/#breadcrumb\"},\"inLanguage\":\"ca\",\"potentialAction\":[{\"@type\":\"ReadAction\",\"target\":[\"https:\\\/\\\/cram.org\\\/ca\\\/balenes-a-la-vista-al-litoral-catala\\\/\"]}]},{\"@type\":\"ImageObject\",\"inLanguage\":\"ca\",\"@id\":\"https:\\\/\\\/cram.org\\\/ca\\\/balenes-a-la-vista-al-litoral-catala\\\/#primaryimage\",\"url\":\"https:\\\/\\\/cram.org\\\/wp-content\\\/uploads\\\/2016\\\/03\\\/noticia-Ballenas-a-la-vista-en-el-litoral-catalan.jpg\",\"contentUrl\":\"https:\\\/\\\/cram.org\\\/wp-content\\\/uploads\\\/2016\\\/03\\\/noticia-Ballenas-a-la-vista-en-el-litoral-catalan.jpg\",\"width\":1280,\"height\":550},{\"@type\":\"BreadcrumbList\",\"@id\":\"https:\\\/\\\/cram.org\\\/ca\\\/balenes-a-la-vista-al-litoral-catala\\\/#breadcrumb\",\"itemListElement\":[{\"@type\":\"ListItem\",\"position\":1,\"name\":\"Portada\",\"item\":\"https:\\\/\\\/cram.org\\\/ca\\\/\"},{\"@type\":\"ListItem\",\"position\":2,\"name\":\"Balenes a la vista al litoral catal\u00e0\"}]},{\"@type\":\"WebSite\",\"@id\":\"https:\\\/\\\/cram.org\\\/#website\",\"url\":\"https:\\\/\\\/cram.org\\\/\",\"name\":\"CRAM\",\"description\":\"Fundaci\u00f3 per a la Conservaci\u00f3 i Recuperaci\u00f3 d'Animals Marins\",\"publisher\":{\"@id\":\"https:\\\/\\\/cram.org\\\/#organization\"},\"potentialAction\":[{\"@type\":\"SearchAction\",\"target\":{\"@type\":\"EntryPoint\",\"urlTemplate\":\"https:\\\/\\\/cram.org\\\/?s={search_term_string}\"},\"query-input\":{\"@type\":\"PropertyValueSpecification\",\"valueRequired\":true,\"valueName\":\"search_term_string\"}}],\"inLanguage\":\"ca\"},{\"@type\":\"Organization\",\"@id\":\"https:\\\/\\\/cram.org\\\/#organization\",\"name\":\"FUNDACI\u00d3N CRAM\",\"url\":\"https:\\\/\\\/cram.org\\\/\",\"logo\":{\"@type\":\"ImageObject\",\"inLanguage\":\"ca\",\"@id\":\"https:\\\/\\\/cram.org\\\/#\\\/schema\\\/logo\\\/image\\\/\",\"url\":\"https:\\\/\\\/cram.org\\\/wp-content\\\/uploads\\\/2020\\\/11\\\/cram-logo-azul-inferior.png\",\"contentUrl\":\"https:\\\/\\\/cram.org\\\/wp-content\\\/uploads\\\/2020\\\/11\\\/cram-logo-azul-inferior.png\",\"width\":500,\"height\":500,\"caption\":\"FUNDACI\u00d3N CRAM\"},\"image\":{\"@id\":\"https:\\\/\\\/cram.org\\\/#\\\/schema\\\/logo\\\/image\\\/\"},\"sameAs\":[\"https:\\\/\\\/www.facebook.com\\\/fundacioncram\",\"https:\\\/\\\/x.com\\\/crampress\",\"https:\\\/\\\/www.youtube.com\\\/user\\\/FundacioCRAM\"]},{\"@type\":\"Person\",\"@id\":\"https:\\\/\\\/cram.org\\\/#\\\/schema\\\/person\\\/8894f88019e7e1ff32a9fbb72b39d3b8\",\"name\":\"webmaster\",\"url\":\"https:\\\/\\\/cram.org\\\/ca\\\/author\\\/webmaster\\\/\"}]}<\/script>\n<!-- \/ Yoast SEO plugin. -->","yoast_head_json":{"title":"Balenes a la vista al litoral catal\u00e0 - CRAM","robots":{"index":"index","follow":"follow","max-snippet":"max-snippet:-1","max-image-preview":"max-image-preview:large","max-video-preview":"max-video-preview:-1"},"canonical":"https:\/\/cram.org\/ca\/balenes-a-la-vista-al-litoral-catala\/","og_locale":"ca_ES","og_type":"article","og_title":"Balenes a la vista al litoral catal\u00e0 - CRAM","og_description":"Un any mes, l&#8217;arribada del bon temps no solament indica que s&#8217;acosta la primavera, sin\u00f3 que a\u00a0la costa catalana tamb\u00e9 coincideix amb la visita de moltes esp\u00e8cies d&#8217;animals marins, aquest \u00e9s el cas del\u00a0rorqual com\u00fa (Balaenoptera physalus). Aquest\u00a027 de febrer, al mat\u00ed, un pescador de la confraria de Cambrils va realitzat el primer albirament [...]","og_url":"https:\/\/cram.org\/ca\/balenes-a-la-vista-al-litoral-catala\/","og_site_name":"CRAM","article_publisher":"https:\/\/www.facebook.com\/fundacioncram","article_published_time":"2017-02-27T08:13:57+00:00","article_modified_time":"2017-03-01T15:46:29+00:00","og_image":[{"width":1280,"height":550,"url":"https:\/\/cram.org\/wp-content\/uploads\/2016\/03\/noticia-Ballenas-a-la-vista-en-el-litoral-catalan.jpg","type":"image\/jpeg"}],"author":"webmaster","twitter_card":"summary_large_image","twitter_creator":"@crampress","twitter_site":"@crampress","twitter_misc":{"Escrit per":"webmaster","Temps estimat de lectura":"2 minuts"},"schema":{"@context":"https:\/\/schema.org","@graph":[{"@type":"Article","@id":"https:\/\/cram.org\/ca\/balenes-a-la-vista-al-litoral-catala\/#article","isPartOf":{"@id":"https:\/\/cram.org\/ca\/balenes-a-la-vista-al-litoral-catala\/"},"author":{"name":"webmaster","@id":"https:\/\/cram.org\/#\/schema\/person\/8894f88019e7e1ff32a9fbb72b39d3b8"},"headline":"Balenes a la vista al litoral catal\u00e0","datePublished":"2017-02-27T08:13:57+00:00","dateModified":"2017-03-01T15:46:29+00:00","mainEntityOfPage":{"@id":"https:\/\/cram.org\/ca\/balenes-a-la-vista-al-litoral-catala\/"},"wordCount":387,"publisher":{"@id":"https:\/\/cram.org\/#organization"},"image":{"@id":"https:\/\/cram.org\/ca\/balenes-a-la-vista-al-litoral-catala\/#primaryimage"},"thumbnailUrl":"https:\/\/cram.org\/wp-content\/uploads\/2016\/03\/noticia-Ballenas-a-la-vista-en-el-litoral-catalan.jpg","articleSection":["not\u00edcies"],"inLanguage":"ca"},{"@type":"WebPage","@id":"https:\/\/cram.org\/ca\/balenes-a-la-vista-al-litoral-catala\/","url":"https:\/\/cram.org\/ca\/balenes-a-la-vista-al-litoral-catala\/","name":"Balenes a la vista al litoral catal\u00e0 - CRAM","isPartOf":{"@id":"https:\/\/cram.org\/#website"},"primaryImageOfPage":{"@id":"https:\/\/cram.org\/ca\/balenes-a-la-vista-al-litoral-catala\/#primaryimage"},"image":{"@id":"https:\/\/cram.org\/ca\/balenes-a-la-vista-al-litoral-catala\/#primaryimage"},"thumbnailUrl":"https:\/\/cram.org\/wp-content\/uploads\/2016\/03\/noticia-Ballenas-a-la-vista-en-el-litoral-catalan.jpg","datePublished":"2017-02-27T08:13:57+00:00","dateModified":"2017-03-01T15:46:29+00:00","breadcrumb":{"@id":"https:\/\/cram.org\/ca\/balenes-a-la-vista-al-litoral-catala\/#breadcrumb"},"inLanguage":"ca","potentialAction":[{"@type":"ReadAction","target":["https:\/\/cram.org\/ca\/balenes-a-la-vista-al-litoral-catala\/"]}]},{"@type":"ImageObject","inLanguage":"ca","@id":"https:\/\/cram.org\/ca\/balenes-a-la-vista-al-litoral-catala\/#primaryimage","url":"https:\/\/cram.org\/wp-content\/uploads\/2016\/03\/noticia-Ballenas-a-la-vista-en-el-litoral-catalan.jpg","contentUrl":"https:\/\/cram.org\/wp-content\/uploads\/2016\/03\/noticia-Ballenas-a-la-vista-en-el-litoral-catalan.jpg","width":1280,"height":550},{"@type":"BreadcrumbList","@id":"https:\/\/cram.org\/ca\/balenes-a-la-vista-al-litoral-catala\/#breadcrumb","itemListElement":[{"@type":"ListItem","position":1,"name":"Portada","item":"https:\/\/cram.org\/ca\/"},{"@type":"ListItem","position":2,"name":"Balenes a la vista al litoral catal\u00e0"}]},{"@type":"WebSite","@id":"https:\/\/cram.org\/#website","url":"https:\/\/cram.org\/","name":"CRAM","description":"Fundaci\u00f3 per a la Conservaci\u00f3 i Recuperaci\u00f3 d'Animals Marins","publisher":{"@id":"https:\/\/cram.org\/#organization"},"potentialAction":[{"@type":"SearchAction","target":{"@type":"EntryPoint","urlTemplate":"https:\/\/cram.org\/?s={search_term_string}"},"query-input":{"@type":"PropertyValueSpecification","valueRequired":true,"valueName":"search_term_string"}}],"inLanguage":"ca"},{"@type":"Organization","@id":"https:\/\/cram.org\/#organization","name":"FUNDACI\u00d3N CRAM","url":"https:\/\/cram.org\/","logo":{"@type":"ImageObject","inLanguage":"ca","@id":"https:\/\/cram.org\/#\/schema\/logo\/image\/","url":"https:\/\/cram.org\/wp-content\/uploads\/2020\/11\/cram-logo-azul-inferior.png","contentUrl":"https:\/\/cram.org\/wp-content\/uploads\/2020\/11\/cram-logo-azul-inferior.png","width":500,"height":500,"caption":"FUNDACI\u00d3N CRAM"},"image":{"@id":"https:\/\/cram.org\/#\/schema\/logo\/image\/"},"sameAs":["https:\/\/www.facebook.com\/fundacioncram","https:\/\/x.com\/crampress","https:\/\/www.youtube.com\/user\/FundacioCRAM"]},{"@type":"Person","@id":"https:\/\/cram.org\/#\/schema\/person\/8894f88019e7e1ff32a9fbb72b39d3b8","name":"webmaster","url":"https:\/\/cram.org\/ca\/author\/webmaster\/"}]}},"_links":{"self":[{"href":"https:\/\/cram.org\/ca\/wp-json\/wp\/v2\/posts\/17404","targetHints":{"allow":["GET"]}}],"collection":[{"href":"https:\/\/cram.org\/ca\/wp-json\/wp\/v2\/posts"}],"about":[{"href":"https:\/\/cram.org\/ca\/wp-json\/wp\/v2\/types\/post"}],"author":[{"embeddable":true,"href":"https:\/\/cram.org\/ca\/wp-json\/wp\/v2\/users\/1"}],"replies":[{"embeddable":true,"href":"https:\/\/cram.org\/ca\/wp-json\/wp\/v2\/comments?post=17404"}],"version-history":[{"count":0,"href":"https:\/\/cram.org\/ca\/wp-json\/wp\/v2\/posts\/17404\/revisions"}],"wp:featuredmedia":[{"embeddable":true,"href":"https:\/\/cram.org\/ca\/wp-json\/wp\/v2\/media\/17401"}],"wp:attachment":[{"href":"https:\/\/cram.org\/ca\/wp-json\/wp\/v2\/media?parent=17404"}],"wp:term":[{"taxonomy":"category","embeddable":true,"href":"https:\/\/cram.org\/ca\/wp-json\/wp\/v2\/categories?post=17404"},{"taxonomy":"post_tag","embeddable":true,"href":"https:\/\/cram.org\/ca\/wp-json\/wp\/v2\/tags?post=17404"}],"curies":[{"name":"wp","href":"https:\/\/api.w.org\/{rel}","templated":true}]}}