{"id":39254,"date":"2022-02-28T09:59:37","date_gmt":"2022-02-28T08:59:37","guid":{"rendered":"https:\/\/cram.org\/?p=39254"},"modified":"2022-03-15T10:20:26","modified_gmt":"2022-03-15T09:20:26","slug":"evolucio-projecte-head-starting","status":"publish","type":"post","link":"https:\/\/cram.org\/ca\/evolucio-projecte-head-starting\/","title":{"rendered":"Evoluci\u00f3 del projecte de Head-Starting"},"content":{"rendered":"<div class=\"fusion-fullwidth fullwidth-box fusion-builder-row-1 fusion-flex-container nonhundred-percent-fullwidth non-hundred-percent-height-scrolling\" style=\"--awb-border-radius-top-left:0px;--awb-border-radius-top-right:0px;--awb-border-radius-bottom-right:0px;--awb-border-radius-bottom-left:0px;--awb-flex-wrap:wrap;\" ><div class=\"fusion-builder-row fusion-row fusion-flex-align-items-flex-start fusion-flex-content-wrap\" style=\"max-width:1144px;margin-left: calc(-4% \/ 2 );margin-right: calc(-4% \/ 2 );\"><div class=\"fusion-layout-column fusion_builder_column fusion-builder-column-0 fusion_builder_column_1_1 1_1 fusion-flex-column\" style=\"--awb-bg-size:cover;--awb-width-large:100%;--awb-margin-top-large:0px;--awb-spacing-right-large:1.92%;--awb-margin-bottom-large:0px;--awb-spacing-left-large:1.92%;--awb-width-medium:100%;--awb-spacing-right-medium:1.92%;--awb-spacing-left-medium:1.92%;--awb-width-small:100%;--awb-spacing-right-small:1.92%;--awb-spacing-left-small:1.92%;\"><div class=\"fusion-column-wrapper fusion-flex-justify-content-flex-start fusion-content-layout-column\"><div class=\"fusion-text fusion-text-1\" style=\"--awb-text-transform:none;\"><p style=\"text-align: justify;\">En els \u00faltims anys s&#8217;ha incrementat sensiblement el n\u00famero de nidificacions de la tortuga babaua (<em>Caretta caretta<\/em>) a les platges del mediterrani occidental. Cal destacar que la nidificaci\u00f3 a la costa catalana \u00e9s la m\u00e9s abundant de tot l&#8217;estat espanyol, aconseguint la temporada del 2021 un r\u00e8cord hist\u00f2ric de registre de nius amb un total de 5: Calafell, Arenys de Mar, Tarragona i 2 al Delta de l&#8217;Ebre.<\/p>\n<p style=\"text-align: justify;\">Gr\u00e0cies al programa <a href=\"https:\/\/cram.org\/ca\/santander-for-the-seas\/\"><strong>Santander for the Seas de Fundaci\u00f3n Banco Santander<\/strong><\/a> la Fundaci\u00f3 CRAM lidera un projecte coordinat per <strong>CT BETA de la Universitat de Vic<\/strong> que t\u00e9 com a objectiu principal<a href=\"https:\/\/cram.org\/ca\/protocol-comu-gestio-programes-head-starting\/\"><strong> crear un protocol com\u00fa per a la gesti\u00f3 dels programes de Head-Starting<\/strong><\/a>, sobre cria temporal en captivitat de nounats de tortuga marina, que acullen tortugues marines procedents de la costa catalana durant la temporada 2021.<\/p>\n<p style=\"text-align: justify;\">Les <strong>accions de Head-Starting<\/strong> permeten la cria temporal en captivitat d&#8217;una part de les nounates de cada niu per augmentar la superviv\u00e8ncia i probabilitat de retorn a les platges de naixement un cop siguin adultes. S&#8217;estima que, de manera natural, tan sols 1 de cada 1.000 tortugues sobreviu al primer any de vida. A m\u00e9s, aquestes accions suposen una gran oportunitat per obtenir dades cient\u00edfiques que altrament seria impossible.<\/p>\n<p style=\"text-align: justify;\">Un total de 85 nounates dels diferents nius participen del projecte de Head-Starting distribu\u00efdes entre\u00a0 la Fundaci\u00f3 CRAM, Fundaci\u00f3 Oceanogr\u00e0fic de Val\u00e8ncia, LIMIA i Palma Aquarium treballant de manera conjunta i coordinada.<\/p>\n<p style=\"text-align: justify;\">Els primers mesos de vida s\u00f3n complicats i s&#8217;ha de fer un seguiment molt minuci\u00f3s. Durant la seva incubaci\u00f3, es poden traspassar malalties que provenen de l&#8217;ou, i el proc\u00e9s d&#8217;eclosi\u00f3 \u00e9s complicat i moltes poden morir durant les primeres setmanes de vida.<\/p>\n<p style=\"text-align: justify;\">A m\u00e9s, s&#8217;afegeix les diferents adversitats clim\u00e0tiques que poden succeir durant la incubaci\u00f3, com va ser el cas dels nius del Delta de l&#8217;Ebre amb pluges torrencials que van produir molta humitat a la zona de platja. Degut a aquests fets clim\u00e0tics, la mortalitat de les cries va ser molt elevada i els pocs animals que van participar al programa de Head-Starting presentaven un estat molt d\u00e8bil i amb diferents problemes de creixement. Actualment, 7 de les 17 cries d&#8217;aquests nius segueixen al programa.<\/p>\n<p style=\"text-align: justify;\">Des de l&#8217;inici del programa es fa un seguiment molt minuci\u00f3s de l&#8217;evoluci\u00f3 de cadascuna de les tortugues, amb pesatge i presa de midesi amb una alimentaci\u00f3 di\u00e0ria distribu\u00efda entre dos i tres \u00e0pats. L&#8217;alimentaci\u00f3 consisteix en una barreja de peix blau, peix blanc, mol\u00b7luscs i crustacis i evoluciona al llarg de la seva estada a mesura que van creixent. Es comen\u00e7a amb papilla, continuant amb un mix de papilla i trossos de peix, seguint amb trossos de diferents tamanys per a que aprenguin a desgarrar i finalitza amb peixos petits sencers. Durant la seva alimentaci\u00f3 tamb\u00e9 reben una s\u00e8rie de suplements, que poden trobar en el medi natural, com \u00e9s el cas de l&#8217;alga espirulina.<\/p>\n<p style=\"text-align: justify;\">Dintre de les accions de Head-Starting \u00e9s molt important desenvolupar un programa d&#8217;enriquiment ambiental durant la seva estada al centre. Consisteix en una s\u00e8rie de t\u00e8cniques i m\u00e8todes que, mitjan\u00e7ant la introducci\u00f3 de diferents est\u00edmuls, aconsegueixen afavorir un comportament natural, evitar els comportaments an\u00f2mals i incrementar el benestar animal. En el cas de les tortugues nounates, es naturalitza l&#8217;espai a trav\u00e9s d&#8217;estructures que simulen algues, s&#8217;utilitzen estructures per a que puguin descansar i amagar-se i es fa \u00fas de corrents, onatge, pluja i el soroll d&#8217;aus.<\/p>\n<p style=\"text-align: justify;\">Volem agrair la <strong>col\u00b7laboraci\u00f3 d&#8217;Air-Val<\/strong>, que ens ajuda amb l&#8217;alimentaci\u00f3 i amb el programa d&#8217;enriquiment de 15 tortugues nounates.<\/p>\n<p style=\"text-align: justify;\">Actualment tots els animals presenten una din\u00e0mica de creixement molt bona, amb una exponencialitat corresponent a la seva edat i estan en una mitjana d&#8217;uns 450 grams de pes. Tots els animals que participen en el programa seran reintrodu\u00efts al medi natural entre els mesos de maig i juliol, en funci\u00f3 de la seva evoluci\u00f3.<\/p>\n<\/div><div class=\"awb-gallery-wrapper awb-gallery-wrapper-1 button-span-no\"><div style=\"margin:-5px;--awb-bordersize:0px;\" class=\"fusion-gallery fusion-gallery-container fusion-grid-2 fusion-columns-total-4 fusion-gallery-layout-grid fusion-gallery-1\"><div style=\"padding:5px;\" class=\"fusion-grid-column fusion-gallery-column fusion-gallery-column-2 hover-type-none\"><div class=\"fusion-gallery-image\"><a href=\"https:\/\/cram.org\/wp-content\/uploads\/2022\/02\/2022-HEADSTARTING-FEBRERO-4.jpg\" rel=\"noreferrer\" data-rel=\"iLightbox[gallery_image_1]\" class=\"fusion-lightbox\" target=\"_self\"><img decoding=\"async\" src=\"https:\/\/cram.org\/wp-content\/uploads\/2022\/02\/2022-HEADSTARTING-FEBRERO-4.jpg\" width=\"1500\" height=\"1125\" alt=\"\" title=\"2022-HEADSTARTING-FEBRERO-4\" aria-label=\"2022-HEADSTARTING-FEBRERO-4\" class=\"img-responsive wp-image-39242\" srcset=\"https:\/\/cram.org\/wp-content\/uploads\/2022\/02\/2022-HEADSTARTING-FEBRERO-4-200x150.jpg 200w, https:\/\/cram.org\/wp-content\/uploads\/2022\/02\/2022-HEADSTARTING-FEBRERO-4-400x300.jpg 400w, https:\/\/cram.org\/wp-content\/uploads\/2022\/02\/2022-HEADSTARTING-FEBRERO-4-600x450.jpg 600w, https:\/\/cram.org\/wp-content\/uploads\/2022\/02\/2022-HEADSTARTING-FEBRERO-4-800x600.jpg 800w, https:\/\/cram.org\/wp-content\/uploads\/2022\/02\/2022-HEADSTARTING-FEBRERO-4-1200x900.jpg 1200w, https:\/\/cram.org\/wp-content\/uploads\/2022\/02\/2022-HEADSTARTING-FEBRERO-4.jpg 1500w\" sizes=\"(min-width: 2200px) 100vw, (min-width: 712px) 548px, (min-width: 640px) 712px, \" \/><\/a><\/div><\/div><div style=\"padding:5px;\" class=\"fusion-grid-column fusion-gallery-column fusion-gallery-column-2 hover-type-none\"><div class=\"fusion-gallery-image\"><a href=\"https:\/\/cram.org\/wp-content\/uploads\/2022\/02\/2022-HEADSTARTING-FEBRERO-6.jpg\" rel=\"noreferrer\" data-rel=\"iLightbox[gallery_image_1]\" class=\"fusion-lightbox\" target=\"_self\"><img decoding=\"async\" src=\"https:\/\/cram.org\/wp-content\/uploads\/2022\/02\/2022-HEADSTARTING-FEBRERO-6.jpg\" width=\"1500\" height=\"1125\" alt=\"\" title=\"2022-HEADSTARTING-FEBRERO-6\" aria-label=\"2022-HEADSTARTING-FEBRERO-6\" class=\"img-responsive wp-image-39245\" srcset=\"https:\/\/cram.org\/wp-content\/uploads\/2022\/02\/2022-HEADSTARTING-FEBRERO-6-200x150.jpg 200w, https:\/\/cram.org\/wp-content\/uploads\/2022\/02\/2022-HEADSTARTING-FEBRERO-6-400x300.jpg 400w, https:\/\/cram.org\/wp-content\/uploads\/2022\/02\/2022-HEADSTARTING-FEBRERO-6-600x450.jpg 600w, https:\/\/cram.org\/wp-content\/uploads\/2022\/02\/2022-HEADSTARTING-FEBRERO-6-800x600.jpg 800w, https:\/\/cram.org\/wp-content\/uploads\/2022\/02\/2022-HEADSTARTING-FEBRERO-6-1200x900.jpg 1200w, https:\/\/cram.org\/wp-content\/uploads\/2022\/02\/2022-HEADSTARTING-FEBRERO-6.jpg 1500w\" sizes=\"(min-width: 2200px) 100vw, (min-width: 712px) 548px, (min-width: 640px) 712px, \" \/><\/a><\/div><\/div><div class=\"clearfix\"><\/div><div style=\"padding:5px;\" class=\"fusion-grid-column fusion-gallery-column fusion-gallery-column-2 hover-type-none\"><div class=\"fusion-gallery-image\"><a href=\"https:\/\/cram.org\/wp-content\/uploads\/2022\/02\/2022-HEADSTARTING-FEBRERO-5.jpg\" rel=\"noreferrer\" data-rel=\"iLightbox[gallery_image_1]\" class=\"fusion-lightbox\" target=\"_self\"><img decoding=\"async\" src=\"https:\/\/cram.org\/wp-content\/uploads\/2022\/02\/2022-HEADSTARTING-FEBRERO-5.jpg\" width=\"1500\" height=\"1125\" alt=\"\" title=\"2022-HEADSTARTING-FEBRERO-5\" aria-label=\"2022-HEADSTARTING-FEBRERO-5\" class=\"img-responsive wp-image-39248\" srcset=\"https:\/\/cram.org\/wp-content\/uploads\/2022\/02\/2022-HEADSTARTING-FEBRERO-5-200x150.jpg 200w, https:\/\/cram.org\/wp-content\/uploads\/2022\/02\/2022-HEADSTARTING-FEBRERO-5-400x300.jpg 400w, https:\/\/cram.org\/wp-content\/uploads\/2022\/02\/2022-HEADSTARTING-FEBRERO-5-600x450.jpg 600w, https:\/\/cram.org\/wp-content\/uploads\/2022\/02\/2022-HEADSTARTING-FEBRERO-5-800x600.jpg 800w, https:\/\/cram.org\/wp-content\/uploads\/2022\/02\/2022-HEADSTARTING-FEBRERO-5-1200x900.jpg 1200w, https:\/\/cram.org\/wp-content\/uploads\/2022\/02\/2022-HEADSTARTING-FEBRERO-5.jpg 1500w\" sizes=\"(min-width: 2200px) 100vw, (min-width: 712px) 548px, (min-width: 640px) 712px, \" \/><\/a><\/div><\/div><div style=\"padding:5px;\" class=\"fusion-grid-column fusion-gallery-column fusion-gallery-column-2 hover-type-none\"><div class=\"fusion-gallery-image\"><a href=\"https:\/\/cram.org\/wp-content\/uploads\/2022\/02\/2022-headstarting-enero-9.jpg\" rel=\"noreferrer\" data-rel=\"iLightbox[gallery_image_1]\" class=\"fusion-lightbox\" target=\"_self\"><img decoding=\"async\" src=\"https:\/\/cram.org\/wp-content\/uploads\/2022\/02\/2022-headstarting-enero-9.jpg\" width=\"1500\" height=\"1125\" alt=\"\" title=\"2022-headstarting-enero-9\" aria-label=\"2022-headstarting-enero-9\" class=\"img-responsive wp-image-39251\" srcset=\"https:\/\/cram.org\/wp-content\/uploads\/2022\/02\/2022-headstarting-enero-9-200x150.jpg 200w, https:\/\/cram.org\/wp-content\/uploads\/2022\/02\/2022-headstarting-enero-9-400x300.jpg 400w, https:\/\/cram.org\/wp-content\/uploads\/2022\/02\/2022-headstarting-enero-9-600x450.jpg 600w, https:\/\/cram.org\/wp-content\/uploads\/2022\/02\/2022-headstarting-enero-9-800x600.jpg 800w, https:\/\/cram.org\/wp-content\/uploads\/2022\/02\/2022-headstarting-enero-9-1200x900.jpg 1200w, https:\/\/cram.org\/wp-content\/uploads\/2022\/02\/2022-headstarting-enero-9.jpg 1500w\" sizes=\"(min-width: 2200px) 100vw, (min-width: 712px) 548px, (min-width: 640px) 712px, \" \/><\/a><\/div><\/div><div class=\"clearfix\"><\/div><\/div><\/div><\/div><\/div><\/div><\/div>\n","protected":false},"excerpt":{"rendered":"","protected":false},"author":1,"featured_media":39243,"comment_status":"closed","ping_status":"closed","sticky":false,"template":"","format":"standard","meta":{"footnotes":"","_members_access_role":[],"_members_access_error":""},"categories":[71],"tags":[],"class_list":["post-39254","post","type-post","status-publish","format-standard","has-post-thumbnail","hentry","category-noticies"],"yoast_head":"<!-- This site is optimized with the Yoast SEO plugin v28.4 - https:\/\/yoast.com\/product\/yoast-seo-wordpress\/ -->\n<title>Evoluci\u00f3 del projecte de Head-Starting - CRAM<\/title>\n<meta name=\"robots\" content=\"index, follow, max-snippet:-1, max-image-preview:large, max-video-preview:-1\" \/>\n<link rel=\"canonical\" href=\"https:\/\/cram.org\/ca\/evolucio-projecte-head-starting\/\" \/>\n<meta property=\"og:locale\" content=\"ca_ES\" \/>\n<meta property=\"og:type\" content=\"article\" \/>\n<meta property=\"og:title\" content=\"Evoluci\u00f3 del projecte de Head-Starting - CRAM\" \/>\n<meta property=\"og:url\" content=\"https:\/\/cram.org\/ca\/evolucio-projecte-head-starting\/\" \/>\n<meta property=\"og:site_name\" content=\"CRAM\" \/>\n<meta property=\"article:publisher\" content=\"https:\/\/www.facebook.com\/fundacioncram\" \/>\n<meta property=\"article:published_time\" content=\"2022-02-28T08:59:37+00:00\" \/>\n<meta property=\"article:modified_time\" content=\"2022-03-15T09:20:26+00:00\" \/>\n<meta property=\"og:image\" content=\"https:\/\/cram.org\/wp-content\/uploads\/2022\/02\/2022-HEADSTARTING-FEBRERO-4.jpg\" \/>\n\t<meta property=\"og:image:width\" content=\"1500\" \/>\n\t<meta property=\"og:image:height\" content=\"1125\" \/>\n\t<meta property=\"og:image:type\" content=\"image\/jpeg\" \/>\n<meta name=\"author\" content=\"webmaster\" \/>\n<meta name=\"twitter:card\" content=\"summary_large_image\" \/>\n<meta name=\"twitter:creator\" content=\"@crampress\" \/>\n<meta name=\"twitter:site\" content=\"@crampress\" \/>\n<meta name=\"twitter:label1\" content=\"Escrit per\" \/>\n\t<meta name=\"twitter:data1\" content=\"webmaster\" \/>\n\t<meta name=\"twitter:label2\" content=\"Temps estimat de lectura\" \/>\n\t<meta name=\"twitter:data2\" content=\"4 minuts\" \/>\n<script type=\"application\/ld+json\" class=\"yoast-schema-graph\">{\"@context\":\"https:\\\/\\\/schema.org\",\"@graph\":[{\"@type\":\"Article\",\"@id\":\"https:\\\/\\\/cram.org\\\/ca\\\/evolucio-projecte-head-starting\\\/#article\",\"isPartOf\":{\"@id\":\"https:\\\/\\\/cram.org\\\/ca\\\/evolucio-projecte-head-starting\\\/\"},\"author\":{\"name\":\"webmaster\",\"@id\":\"https:\\\/\\\/cram.org\\\/#\\\/schema\\\/person\\\/8894f88019e7e1ff32a9fbb72b39d3b8\"},\"headline\":\"Evoluci\u00f3 del projecte de Head-Starting\",\"datePublished\":\"2022-02-28T08:59:37+00:00\",\"dateModified\":\"2022-03-15T09:20:26+00:00\",\"mainEntityOfPage\":{\"@id\":\"https:\\\/\\\/cram.org\\\/ca\\\/evolucio-projecte-head-starting\\\/\"},\"wordCount\":1138,\"publisher\":{\"@id\":\"https:\\\/\\\/cram.org\\\/#organization\"},\"image\":{\"@id\":\"https:\\\/\\\/cram.org\\\/ca\\\/evolucio-projecte-head-starting\\\/#primaryimage\"},\"thumbnailUrl\":\"https:\\\/\\\/cram.org\\\/wp-content\\\/uploads\\\/2022\\\/02\\\/2022-HEADSTARTING-FEBRERO-4.jpg\",\"articleSection\":[\"not\u00edcies\"],\"inLanguage\":\"ca\"},{\"@type\":\"WebPage\",\"@id\":\"https:\\\/\\\/cram.org\\\/ca\\\/evolucio-projecte-head-starting\\\/\",\"url\":\"https:\\\/\\\/cram.org\\\/ca\\\/evolucio-projecte-head-starting\\\/\",\"name\":\"Evoluci\u00f3 del projecte de Head-Starting - CRAM\",\"isPartOf\":{\"@id\":\"https:\\\/\\\/cram.org\\\/#website\"},\"primaryImageOfPage\":{\"@id\":\"https:\\\/\\\/cram.org\\\/ca\\\/evolucio-projecte-head-starting\\\/#primaryimage\"},\"image\":{\"@id\":\"https:\\\/\\\/cram.org\\\/ca\\\/evolucio-projecte-head-starting\\\/#primaryimage\"},\"thumbnailUrl\":\"https:\\\/\\\/cram.org\\\/wp-content\\\/uploads\\\/2022\\\/02\\\/2022-HEADSTARTING-FEBRERO-4.jpg\",\"datePublished\":\"2022-02-28T08:59:37+00:00\",\"dateModified\":\"2022-03-15T09:20:26+00:00\",\"breadcrumb\":{\"@id\":\"https:\\\/\\\/cram.org\\\/ca\\\/evolucio-projecte-head-starting\\\/#breadcrumb\"},\"inLanguage\":\"ca\",\"potentialAction\":[{\"@type\":\"ReadAction\",\"target\":[\"https:\\\/\\\/cram.org\\\/ca\\\/evolucio-projecte-head-starting\\\/\"]}]},{\"@type\":\"ImageObject\",\"inLanguage\":\"ca\",\"@id\":\"https:\\\/\\\/cram.org\\\/ca\\\/evolucio-projecte-head-starting\\\/#primaryimage\",\"url\":\"https:\\\/\\\/cram.org\\\/wp-content\\\/uploads\\\/2022\\\/02\\\/2022-HEADSTARTING-FEBRERO-4.jpg\",\"contentUrl\":\"https:\\\/\\\/cram.org\\\/wp-content\\\/uploads\\\/2022\\\/02\\\/2022-HEADSTARTING-FEBRERO-4.jpg\",\"width\":1500,\"height\":1125},{\"@type\":\"BreadcrumbList\",\"@id\":\"https:\\\/\\\/cram.org\\\/ca\\\/evolucio-projecte-head-starting\\\/#breadcrumb\",\"itemListElement\":[{\"@type\":\"ListItem\",\"position\":1,\"name\":\"Portada\",\"item\":\"https:\\\/\\\/cram.org\\\/ca\\\/\"},{\"@type\":\"ListItem\",\"position\":2,\"name\":\"Evoluci\u00f3 del projecte de Head-Starting\"}]},{\"@type\":\"WebSite\",\"@id\":\"https:\\\/\\\/cram.org\\\/#website\",\"url\":\"https:\\\/\\\/cram.org\\\/\",\"name\":\"CRAM\",\"description\":\"Fundaci\u00f3 per a la Conservaci\u00f3 i Recuperaci\u00f3 d'Animals Marins\",\"publisher\":{\"@id\":\"https:\\\/\\\/cram.org\\\/#organization\"},\"potentialAction\":[{\"@type\":\"SearchAction\",\"target\":{\"@type\":\"EntryPoint\",\"urlTemplate\":\"https:\\\/\\\/cram.org\\\/?s={search_term_string}\"},\"query-input\":{\"@type\":\"PropertyValueSpecification\",\"valueRequired\":true,\"valueName\":\"search_term_string\"}}],\"inLanguage\":\"ca\"},{\"@type\":\"Organization\",\"@id\":\"https:\\\/\\\/cram.org\\\/#organization\",\"name\":\"FUNDACI\u00d3N CRAM\",\"url\":\"https:\\\/\\\/cram.org\\\/\",\"logo\":{\"@type\":\"ImageObject\",\"inLanguage\":\"ca\",\"@id\":\"https:\\\/\\\/cram.org\\\/#\\\/schema\\\/logo\\\/image\\\/\",\"url\":\"https:\\\/\\\/cram.org\\\/wp-content\\\/uploads\\\/2020\\\/11\\\/cram-logo-azul-inferior.png\",\"contentUrl\":\"https:\\\/\\\/cram.org\\\/wp-content\\\/uploads\\\/2020\\\/11\\\/cram-logo-azul-inferior.png\",\"width\":500,\"height\":500,\"caption\":\"FUNDACI\u00d3N CRAM\"},\"image\":{\"@id\":\"https:\\\/\\\/cram.org\\\/#\\\/schema\\\/logo\\\/image\\\/\"},\"sameAs\":[\"https:\\\/\\\/www.facebook.com\\\/fundacioncram\",\"https:\\\/\\\/x.com\\\/crampress\",\"https:\\\/\\\/www.youtube.com\\\/user\\\/FundacioCRAM\"]},{\"@type\":\"Person\",\"@id\":\"https:\\\/\\\/cram.org\\\/#\\\/schema\\\/person\\\/8894f88019e7e1ff32a9fbb72b39d3b8\",\"name\":\"webmaster\",\"url\":\"https:\\\/\\\/cram.org\\\/ca\\\/author\\\/webmaster\\\/\"}]}<\/script>\n<!-- \/ Yoast SEO plugin. -->","yoast_head_json":{"title":"Evoluci\u00f3 del projecte de Head-Starting - CRAM","robots":{"index":"index","follow":"follow","max-snippet":"max-snippet:-1","max-image-preview":"max-image-preview:large","max-video-preview":"max-video-preview:-1"},"canonical":"https:\/\/cram.org\/ca\/evolucio-projecte-head-starting\/","og_locale":"ca_ES","og_type":"article","og_title":"Evoluci\u00f3 del projecte de Head-Starting - CRAM","og_url":"https:\/\/cram.org\/ca\/evolucio-projecte-head-starting\/","og_site_name":"CRAM","article_publisher":"https:\/\/www.facebook.com\/fundacioncram","article_published_time":"2022-02-28T08:59:37+00:00","article_modified_time":"2022-03-15T09:20:26+00:00","og_image":[{"width":1500,"height":1125,"url":"https:\/\/cram.org\/wp-content\/uploads\/2022\/02\/2022-HEADSTARTING-FEBRERO-4.jpg","type":"image\/jpeg"}],"author":"webmaster","twitter_card":"summary_large_image","twitter_creator":"@crampress","twitter_site":"@crampress","twitter_misc":{"Escrit per":"webmaster","Temps estimat de lectura":"4 minuts"},"schema":{"@context":"https:\/\/schema.org","@graph":[{"@type":"Article","@id":"https:\/\/cram.org\/ca\/evolucio-projecte-head-starting\/#article","isPartOf":{"@id":"https:\/\/cram.org\/ca\/evolucio-projecte-head-starting\/"},"author":{"name":"webmaster","@id":"https:\/\/cram.org\/#\/schema\/person\/8894f88019e7e1ff32a9fbb72b39d3b8"},"headline":"Evoluci\u00f3 del projecte de Head-Starting","datePublished":"2022-02-28T08:59:37+00:00","dateModified":"2022-03-15T09:20:26+00:00","mainEntityOfPage":{"@id":"https:\/\/cram.org\/ca\/evolucio-projecte-head-starting\/"},"wordCount":1138,"publisher":{"@id":"https:\/\/cram.org\/#organization"},"image":{"@id":"https:\/\/cram.org\/ca\/evolucio-projecte-head-starting\/#primaryimage"},"thumbnailUrl":"https:\/\/cram.org\/wp-content\/uploads\/2022\/02\/2022-HEADSTARTING-FEBRERO-4.jpg","articleSection":["not\u00edcies"],"inLanguage":"ca"},{"@type":"WebPage","@id":"https:\/\/cram.org\/ca\/evolucio-projecte-head-starting\/","url":"https:\/\/cram.org\/ca\/evolucio-projecte-head-starting\/","name":"Evoluci\u00f3 del projecte de Head-Starting - CRAM","isPartOf":{"@id":"https:\/\/cram.org\/#website"},"primaryImageOfPage":{"@id":"https:\/\/cram.org\/ca\/evolucio-projecte-head-starting\/#primaryimage"},"image":{"@id":"https:\/\/cram.org\/ca\/evolucio-projecte-head-starting\/#primaryimage"},"thumbnailUrl":"https:\/\/cram.org\/wp-content\/uploads\/2022\/02\/2022-HEADSTARTING-FEBRERO-4.jpg","datePublished":"2022-02-28T08:59:37+00:00","dateModified":"2022-03-15T09:20:26+00:00","breadcrumb":{"@id":"https:\/\/cram.org\/ca\/evolucio-projecte-head-starting\/#breadcrumb"},"inLanguage":"ca","potentialAction":[{"@type":"ReadAction","target":["https:\/\/cram.org\/ca\/evolucio-projecte-head-starting\/"]}]},{"@type":"ImageObject","inLanguage":"ca","@id":"https:\/\/cram.org\/ca\/evolucio-projecte-head-starting\/#primaryimage","url":"https:\/\/cram.org\/wp-content\/uploads\/2022\/02\/2022-HEADSTARTING-FEBRERO-4.jpg","contentUrl":"https:\/\/cram.org\/wp-content\/uploads\/2022\/02\/2022-HEADSTARTING-FEBRERO-4.jpg","width":1500,"height":1125},{"@type":"BreadcrumbList","@id":"https:\/\/cram.org\/ca\/evolucio-projecte-head-starting\/#breadcrumb","itemListElement":[{"@type":"ListItem","position":1,"name":"Portada","item":"https:\/\/cram.org\/ca\/"},{"@type":"ListItem","position":2,"name":"Evoluci\u00f3 del projecte de Head-Starting"}]},{"@type":"WebSite","@id":"https:\/\/cram.org\/#website","url":"https:\/\/cram.org\/","name":"CRAM","description":"Fundaci\u00f3 per a la Conservaci\u00f3 i Recuperaci\u00f3 d'Animals Marins","publisher":{"@id":"https:\/\/cram.org\/#organization"},"potentialAction":[{"@type":"SearchAction","target":{"@type":"EntryPoint","urlTemplate":"https:\/\/cram.org\/?s={search_term_string}"},"query-input":{"@type":"PropertyValueSpecification","valueRequired":true,"valueName":"search_term_string"}}],"inLanguage":"ca"},{"@type":"Organization","@id":"https:\/\/cram.org\/#organization","name":"FUNDACI\u00d3N CRAM","url":"https:\/\/cram.org\/","logo":{"@type":"ImageObject","inLanguage":"ca","@id":"https:\/\/cram.org\/#\/schema\/logo\/image\/","url":"https:\/\/cram.org\/wp-content\/uploads\/2020\/11\/cram-logo-azul-inferior.png","contentUrl":"https:\/\/cram.org\/wp-content\/uploads\/2020\/11\/cram-logo-azul-inferior.png","width":500,"height":500,"caption":"FUNDACI\u00d3N CRAM"},"image":{"@id":"https:\/\/cram.org\/#\/schema\/logo\/image\/"},"sameAs":["https:\/\/www.facebook.com\/fundacioncram","https:\/\/x.com\/crampress","https:\/\/www.youtube.com\/user\/FundacioCRAM"]},{"@type":"Person","@id":"https:\/\/cram.org\/#\/schema\/person\/8894f88019e7e1ff32a9fbb72b39d3b8","name":"webmaster","url":"https:\/\/cram.org\/ca\/author\/webmaster\/"}]}},"_links":{"self":[{"href":"https:\/\/cram.org\/ca\/wp-json\/wp\/v2\/posts\/39254","targetHints":{"allow":["GET"]}}],"collection":[{"href":"https:\/\/cram.org\/ca\/wp-json\/wp\/v2\/posts"}],"about":[{"href":"https:\/\/cram.org\/ca\/wp-json\/wp\/v2\/types\/post"}],"author":[{"embeddable":true,"href":"https:\/\/cram.org\/ca\/wp-json\/wp\/v2\/users\/1"}],"replies":[{"embeddable":true,"href":"https:\/\/cram.org\/ca\/wp-json\/wp\/v2\/comments?post=39254"}],"version-history":[{"count":0,"href":"https:\/\/cram.org\/ca\/wp-json\/wp\/v2\/posts\/39254\/revisions"}],"wp:featuredmedia":[{"embeddable":true,"href":"https:\/\/cram.org\/ca\/wp-json\/wp\/v2\/media\/39243"}],"wp:attachment":[{"href":"https:\/\/cram.org\/ca\/wp-json\/wp\/v2\/media?parent=39254"}],"wp:term":[{"taxonomy":"category","embeddable":true,"href":"https:\/\/cram.org\/ca\/wp-json\/wp\/v2\/categories?post=39254"},{"taxonomy":"post_tag","embeddable":true,"href":"https:\/\/cram.org\/ca\/wp-json\/wp\/v2\/tags?post=39254"}],"curies":[{"name":"wp","href":"https:\/\/api.w.org\/{rel}","templated":true}]}}