{"id":57195,"date":"2026-08-31T10:02:10","date_gmt":"2026-08-31T09:02:10","guid":{"rendered":"https:\/\/cram.org\/?p=57195"},"modified":"2026-08-31T10:02:10","modified_gmt":"2026-08-31T09:02:10","slug":"jornades-nocturnes-bioblitz-submari-zec-maresme-cram","status":"publish","type":"post","link":"https:\/\/cram.org\/ca\/jornades-nocturnes-bioblitz-submari-zec-maresme-cram\/","title":{"rendered":"La biodiversitat marina tamb\u00e9 es descobreix de nit!"},"content":{"rendered":"<div class=\"fusion-fullwidth fullwidth-box fusion-builder-row-1 fusion-flex-container nonhundred-percent-fullwidth non-hundred-percent-height-scrolling\" style=\"--awb-border-radius-top-left:0px;--awb-border-radius-top-right:0px;--awb-border-radius-bottom-right:0px;--awb-border-radius-bottom-left:0px;--awb-flex-wrap:wrap;\" ><div class=\"fusion-builder-row fusion-row fusion-flex-align-items-flex-start fusion-flex-content-wrap\" style=\"max-width:1144px;margin-left: calc(-4% \/ 2 );margin-right: calc(-4% \/ 2 );\"><div class=\"fusion-layout-column fusion_builder_column fusion-builder-column-0 fusion_builder_column_1_1 1_1 fusion-flex-column\" style=\"--awb-bg-size:cover;--awb-width-large:100%;--awb-margin-top-large:0px;--awb-spacing-right-large:1.92%;--awb-margin-bottom-large:0px;--awb-spacing-left-large:1.92%;--awb-width-medium:100%;--awb-spacing-right-medium:1.92%;--awb-spacing-left-medium:1.92%;--awb-width-small:100%;--awb-spacing-right-small:1.92%;--awb-spacing-left-small:1.92%;\"><div class=\"fusion-column-wrapper fusion-flex-justify-content-flex-start fusion-content-layout-column\"><div class=\"fusion-text fusion-text-1\" style=\"--awb-text-transform:none;\"><p style=\"text-align: justify;\">El passat 5 i 12 d&#8217;agost vam celebrar dues jornades de Bioblitz nocturn a la ZEC Maresme, al costat del centre de busseig Blaumar, una oportunitat per acostar-nos a l&#8217;ecosistema mar\u00ed quan cau el sol.<\/p>\n<p style=\"text-align: justify;\">De nit, el mar canvia. L&#8217;activitat de moltes esp\u00e8cies augmenta i podem observar comportaments, esp\u00e8cies i formes de vida que poden passar m\u00e9s desapercebuts durant el dia. Rec\u00f3rrer el fons mar\u00ed amb aquestes condicions ens permet descobrir una part diferent de la biodiversitat que habita aquest espai protegit.<\/p>\n<p style=\"text-align: justify;\">Com a la resta de jornades del Bioblitz, cada observaci\u00f3 registrada contribueix a ampliar el coneixement sobre la biodiversitat de la ZEC Maresme i aporta informaci\u00f3 que pot ser clau per millorar-ne la conservaci\u00f3.<\/p>\n<p style=\"text-align: justify;\">Aquestes activitats formen part del projecte Accions per a la conservaci\u00f3 de la ZEC Maresme, desenvolupat per la Fundaci\u00f3 CRAM amb l&#8217;objectiu de generar coneixement cient\u00edfic que contribueixi a protegir aquest valu\u00f3s ecosistema mar\u00ed.<\/p>\n<p style=\"text-align: justify;\">Gr\u00e0cies a totes les persones que heu participat i contribu\u00eft, una vegada m\u00e9s, a con\u00e8ixer i conservar el nostre mar a trav\u00e9s de la ci\u00e8ncia ciutadana. I gr\u00e0cies tamb\u00e9 a Blaumar per acompanyar-nos en aquestes jornades.<\/p>\n<\/div><div class=\"fusion-separator fusion-full-width-sep\" style=\"align-self: center;margin-left: auto;margin-right: auto;margin-top:10px;width:100%;\"><\/div><div class=\"fusion-text fusion-text-2\" style=\"--awb-text-transform:none;\"><p style=\"text-align: justify;\">Amb iniciatives com aquesta, la Fundaci\u00f3 CRAM fomenta la participaci\u00f3 ciutadana en la investigaci\u00f3 i conservaci\u00f3 del medi mar\u00ed, demostrant que cada immersi\u00f3 es pot convertir en una valuosa aportaci\u00f3 per protegir la biodiversitat de la Mediterr\u00e0nia.<\/p>\n<\/div><div class=\"fusion-separator fusion-full-width-sep\" style=\"align-self: center;margin-left: auto;margin-right: auto;margin-top:10px;width:100%;\"><\/div><div class=\"fusion-text fusion-text-3\" style=\"--awb-text-transform:none;\"><p style=\"text-align: center;\"><strong>I aix\u00f2 no s&#8217;acaba aqu\u00ed! Molt aviat anunciarem noves dates per continuar descobrint la biodiversitat de la ZEC Maresme. Estigueu atents!<\/strong><\/p>\n<\/div><div class=\"fusion-separator fusion-full-width-sep\" style=\"align-self: center;margin-left: auto;margin-right: auto;margin-top:10px;width:100%;\"><\/div><div class=\"awb-gallery-wrapper awb-gallery-wrapper-1 button-span-no\" style=\"--more-btn-alignment:center;\"><div style=\"margin:-5px;--awb-bordersize:0px;\" class=\"fusion-gallery fusion-gallery-container fusion-grid-2 fusion-columns-total-2 fusion-gallery-layout-grid fusion-gallery-1\"><div style=\"padding:5px;\" class=\"fusion-grid-column fusion-gallery-column fusion-gallery-column-2 hover-type-none\"><div class=\"fusion-gallery-image\"><a href=\"https:\/\/cram.org\/wp-content\/uploads\/2026\/08\/bioblitz-nocturno-2.jpg\" rel=\"noreferrer\" data-rel=\"iLightbox[gallery_image_1]\" class=\"fusion-lightbox\" target=\"_self\"><img decoding=\"async\" src=\"https:\/\/cram.org\/wp-content\/uploads\/2026\/08\/bioblitz-nocturno-2.jpg\" width=\"1600\" height=\"1200\" alt=\"\" title=\"bioblitz-nocturno-2\" aria-label=\"bioblitz-nocturno-2\" class=\"img-responsive wp-image-57190\" srcset=\"https:\/\/cram.org\/wp-content\/uploads\/2026\/08\/bioblitz-nocturno-2-200x150.jpg 200w, https:\/\/cram.org\/wp-content\/uploads\/2026\/08\/bioblitz-nocturno-2-400x300.jpg 400w, https:\/\/cram.org\/wp-content\/uploads\/2026\/08\/bioblitz-nocturno-2-600x450.jpg 600w, https:\/\/cram.org\/wp-content\/uploads\/2026\/08\/bioblitz-nocturno-2-800x600.jpg 800w, https:\/\/cram.org\/wp-content\/uploads\/2026\/08\/bioblitz-nocturno-2-1200x900.jpg 1200w, https:\/\/cram.org\/wp-content\/uploads\/2026\/08\/bioblitz-nocturno-2.jpg 1600w\" sizes=\"(min-width: 2200px) 100vw, (min-width: 712px) 548px, (min-width: 640px) 712px, \" \/><\/a><\/div><\/div><div style=\"padding:5px;\" class=\"fusion-grid-column fusion-gallery-column fusion-gallery-column-2 hover-type-none\"><div class=\"fusion-gallery-image\"><a href=\"https:\/\/cram.org\/wp-content\/uploads\/2026\/08\/bioblitz-nocturno-3.jpg\" rel=\"noreferrer\" data-rel=\"iLightbox[gallery_image_1]\" class=\"fusion-lightbox\" target=\"_self\"><img decoding=\"async\" src=\"https:\/\/cram.org\/wp-content\/uploads\/2026\/08\/bioblitz-nocturno-3.jpg\" width=\"1600\" height=\"1200\" alt=\"\" title=\"bioblitz-nocturno-3\" aria-label=\"bioblitz-nocturno-3\" class=\"img-responsive wp-image-57187\" srcset=\"https:\/\/cram.org\/wp-content\/uploads\/2026\/08\/bioblitz-nocturno-3-200x150.jpg 200w, https:\/\/cram.org\/wp-content\/uploads\/2026\/08\/bioblitz-nocturno-3-400x300.jpg 400w, https:\/\/cram.org\/wp-content\/uploads\/2026\/08\/bioblitz-nocturno-3-600x450.jpg 600w, https:\/\/cram.org\/wp-content\/uploads\/2026\/08\/bioblitz-nocturno-3-800x600.jpg 800w, https:\/\/cram.org\/wp-content\/uploads\/2026\/08\/bioblitz-nocturno-3-1200x900.jpg 1200w, https:\/\/cram.org\/wp-content\/uploads\/2026\/08\/bioblitz-nocturno-3.jpg 1600w\" sizes=\"(min-width: 2200px) 100vw, (min-width: 712px) 548px, (min-width: 640px) 712px, \" \/><\/a><\/div><\/div><div class=\"clearfix\"><\/div><\/div><\/div><\/div><\/div><\/div><\/div>\n","protected":false},"excerpt":{"rendered":"","protected":false},"author":8216,"featured_media":57193,"comment_status":"closed","ping_status":"closed","sticky":false,"template":"","format":"standard","meta":{"footnotes":"","_members_access_role":[],"_members_access_error":""},"categories":[71],"tags":[],"class_list":["post-57195","post","type-post","status-publish","format-standard","has-post-thumbnail","hentry","category-noticies"],"yoast_head":"<!-- This site is optimized with the Yoast SEO plugin v28.3 - https:\/\/yoast.com\/product\/yoast-seo-wordpress\/ -->\n<title>La biodiversitat marina tamb\u00e9 es descobreix de nit! - CRAM<\/title>\n<meta name=\"robots\" content=\"index, follow, max-snippet:-1, max-image-preview:large, max-video-preview:-1\" \/>\n<link rel=\"canonical\" href=\"https:\/\/cram.org\/ca\/jornades-nocturnes-bioblitz-submari-zec-maresme-cram\/\" \/>\n<meta property=\"og:locale\" content=\"ca_ES\" \/>\n<meta property=\"og:type\" content=\"article\" \/>\n<meta property=\"og:title\" content=\"La biodiversitat marina tamb\u00e9 es descobreix de nit! - CRAM\" \/>\n<meta property=\"og:url\" content=\"https:\/\/cram.org\/ca\/jornades-nocturnes-bioblitz-submari-zec-maresme-cram\/\" \/>\n<meta property=\"og:site_name\" content=\"CRAM\" \/>\n<meta property=\"article:publisher\" content=\"https:\/\/www.facebook.com\/fundacioncram\" \/>\n<meta property=\"article:published_time\" content=\"2026-08-31T09:02:10+00:00\" \/>\n<meta property=\"og:image\" content=\"https:\/\/cram.org\/wp-content\/uploads\/2026\/08\/bioblitz-nocturno-1.jpg\" \/>\n\t<meta property=\"og:image:width\" content=\"1600\" \/>\n\t<meta property=\"og:image:height\" content=\"1200\" \/>\n\t<meta property=\"og:image:type\" content=\"image\/jpeg\" \/>\n<meta name=\"author\" content=\"Marta Mendoza\" \/>\n<meta name=\"twitter:card\" content=\"summary_large_image\" \/>\n<meta name=\"twitter:creator\" content=\"@crampress\" \/>\n<meta name=\"twitter:site\" content=\"@crampress\" \/>\n<meta name=\"twitter:label1\" content=\"Escrit per\" \/>\n\t<meta name=\"twitter:data1\" content=\"Marta Mendoza\" \/>\n\t<meta name=\"twitter:label2\" content=\"Temps estimat de lectura\" \/>\n\t<meta name=\"twitter:data2\" content=\"2 minuts\" \/>\n<script type=\"application\/ld+json\" class=\"yoast-schema-graph\">{\"@context\":\"https:\\\/\\\/schema.org\",\"@graph\":[{\"@type\":\"Article\",\"@id\":\"https:\\\/\\\/cram.org\\\/ca\\\/jornades-nocturnes-bioblitz-submari-zec-maresme-cram\\\/#article\",\"isPartOf\":{\"@id\":\"https:\\\/\\\/cram.org\\\/ca\\\/jornades-nocturnes-bioblitz-submari-zec-maresme-cram\\\/\"},\"author\":{\"name\":\"Marta Mendoza\",\"@id\":\"https:\\\/\\\/cram.org\\\/#\\\/schema\\\/person\\\/1f4792f1d8af68a8a752308ecdb2624f\"},\"headline\":\"La biodiversitat marina tamb\u00e9 es descobreix de nit!\",\"datePublished\":\"2026-08-31T09:02:10+00:00\",\"mainEntityOfPage\":{\"@id\":\"https:\\\/\\\/cram.org\\\/ca\\\/jornades-nocturnes-bioblitz-submari-zec-maresme-cram\\\/\"},\"wordCount\":1251,\"publisher\":{\"@id\":\"https:\\\/\\\/cram.org\\\/#organization\"},\"image\":{\"@id\":\"https:\\\/\\\/cram.org\\\/ca\\\/jornades-nocturnes-bioblitz-submari-zec-maresme-cram\\\/#primaryimage\"},\"thumbnailUrl\":\"https:\\\/\\\/cram.org\\\/wp-content\\\/uploads\\\/2026\\\/08\\\/bioblitz-nocturno-1.jpg\",\"articleSection\":[\"not\u00edcies\"],\"inLanguage\":\"ca\"},{\"@type\":\"WebPage\",\"@id\":\"https:\\\/\\\/cram.org\\\/ca\\\/jornades-nocturnes-bioblitz-submari-zec-maresme-cram\\\/\",\"url\":\"https:\\\/\\\/cram.org\\\/ca\\\/jornades-nocturnes-bioblitz-submari-zec-maresme-cram\\\/\",\"name\":\"La biodiversitat marina tamb\u00e9 es descobreix de nit! - CRAM\",\"isPartOf\":{\"@id\":\"https:\\\/\\\/cram.org\\\/#website\"},\"primaryImageOfPage\":{\"@id\":\"https:\\\/\\\/cram.org\\\/ca\\\/jornades-nocturnes-bioblitz-submari-zec-maresme-cram\\\/#primaryimage\"},\"image\":{\"@id\":\"https:\\\/\\\/cram.org\\\/ca\\\/jornades-nocturnes-bioblitz-submari-zec-maresme-cram\\\/#primaryimage\"},\"thumbnailUrl\":\"https:\\\/\\\/cram.org\\\/wp-content\\\/uploads\\\/2026\\\/08\\\/bioblitz-nocturno-1.jpg\",\"datePublished\":\"2026-08-31T09:02:10+00:00\",\"breadcrumb\":{\"@id\":\"https:\\\/\\\/cram.org\\\/ca\\\/jornades-nocturnes-bioblitz-submari-zec-maresme-cram\\\/#breadcrumb\"},\"inLanguage\":\"ca\",\"potentialAction\":[{\"@type\":\"ReadAction\",\"target\":[\"https:\\\/\\\/cram.org\\\/ca\\\/jornades-nocturnes-bioblitz-submari-zec-maresme-cram\\\/\"]}]},{\"@type\":\"ImageObject\",\"inLanguage\":\"ca\",\"@id\":\"https:\\\/\\\/cram.org\\\/ca\\\/jornades-nocturnes-bioblitz-submari-zec-maresme-cram\\\/#primaryimage\",\"url\":\"https:\\\/\\\/cram.org\\\/wp-content\\\/uploads\\\/2026\\\/08\\\/bioblitz-nocturno-1.jpg\",\"contentUrl\":\"https:\\\/\\\/cram.org\\\/wp-content\\\/uploads\\\/2026\\\/08\\\/bioblitz-nocturno-1.jpg\",\"width\":1600,\"height\":1200},{\"@type\":\"BreadcrumbList\",\"@id\":\"https:\\\/\\\/cram.org\\\/ca\\\/jornades-nocturnes-bioblitz-submari-zec-maresme-cram\\\/#breadcrumb\",\"itemListElement\":[{\"@type\":\"ListItem\",\"position\":1,\"name\":\"Portada\",\"item\":\"https:\\\/\\\/cram.org\\\/ca\\\/\"},{\"@type\":\"ListItem\",\"position\":2,\"name\":\"La biodiversitat marina tamb\u00e9 es descobreix de nit!\"}]},{\"@type\":\"WebSite\",\"@id\":\"https:\\\/\\\/cram.org\\\/#website\",\"url\":\"https:\\\/\\\/cram.org\\\/\",\"name\":\"CRAM\",\"description\":\"Fundaci\u00f3 per a la Conservaci\u00f3 i Recuperaci\u00f3 d'Animals Marins\",\"publisher\":{\"@id\":\"https:\\\/\\\/cram.org\\\/#organization\"},\"potentialAction\":[{\"@type\":\"SearchAction\",\"target\":{\"@type\":\"EntryPoint\",\"urlTemplate\":\"https:\\\/\\\/cram.org\\\/?s={search_term_string}\"},\"query-input\":{\"@type\":\"PropertyValueSpecification\",\"valueRequired\":true,\"valueName\":\"search_term_string\"}}],\"inLanguage\":\"ca\"},{\"@type\":\"Organization\",\"@id\":\"https:\\\/\\\/cram.org\\\/#organization\",\"name\":\"FUNDACI\u00d3N CRAM\",\"url\":\"https:\\\/\\\/cram.org\\\/\",\"logo\":{\"@type\":\"ImageObject\",\"inLanguage\":\"ca\",\"@id\":\"https:\\\/\\\/cram.org\\\/#\\\/schema\\\/logo\\\/image\\\/\",\"url\":\"https:\\\/\\\/cram.org\\\/wp-content\\\/uploads\\\/2020\\\/11\\\/cram-logo-azul-inferior.png\",\"contentUrl\":\"https:\\\/\\\/cram.org\\\/wp-content\\\/uploads\\\/2020\\\/11\\\/cram-logo-azul-inferior.png\",\"width\":500,\"height\":500,\"caption\":\"FUNDACI\u00d3N CRAM\"},\"image\":{\"@id\":\"https:\\\/\\\/cram.org\\\/#\\\/schema\\\/logo\\\/image\\\/\"},\"sameAs\":[\"https:\\\/\\\/www.facebook.com\\\/fundacioncram\",\"https:\\\/\\\/x.com\\\/crampress\",\"https:\\\/\\\/www.youtube.com\\\/user\\\/FundacioCRAM\"]},{\"@type\":\"Person\",\"@id\":\"https:\\\/\\\/cram.org\\\/#\\\/schema\\\/person\\\/1f4792f1d8af68a8a752308ecdb2624f\",\"name\":\"Marta Mendoza\",\"url\":\"https:\\\/\\\/cram.org\\\/ca\\\/author\\\/martacram-org\\\/\"}]}<\/script>\n<!-- \/ Yoast SEO plugin. -->","yoast_head_json":{"title":"La biodiversitat marina tamb\u00e9 es descobreix de nit! - CRAM","robots":{"index":"index","follow":"follow","max-snippet":"max-snippet:-1","max-image-preview":"max-image-preview:large","max-video-preview":"max-video-preview:-1"},"canonical":"https:\/\/cram.org\/ca\/jornades-nocturnes-bioblitz-submari-zec-maresme-cram\/","og_locale":"ca_ES","og_type":"article","og_title":"La biodiversitat marina tamb\u00e9 es descobreix de nit! - CRAM","og_url":"https:\/\/cram.org\/ca\/jornades-nocturnes-bioblitz-submari-zec-maresme-cram\/","og_site_name":"CRAM","article_publisher":"https:\/\/www.facebook.com\/fundacioncram","article_published_time":"2026-08-31T09:02:10+00:00","og_image":[{"width":1600,"height":1200,"url":"https:\/\/cram.org\/wp-content\/uploads\/2026\/08\/bioblitz-nocturno-1.jpg","type":"image\/jpeg"}],"author":"Marta Mendoza","twitter_card":"summary_large_image","twitter_creator":"@crampress","twitter_site":"@crampress","twitter_misc":{"Escrit per":"Marta Mendoza","Temps estimat de lectura":"2 minuts"},"schema":{"@context":"https:\/\/schema.org","@graph":[{"@type":"Article","@id":"https:\/\/cram.org\/ca\/jornades-nocturnes-bioblitz-submari-zec-maresme-cram\/#article","isPartOf":{"@id":"https:\/\/cram.org\/ca\/jornades-nocturnes-bioblitz-submari-zec-maresme-cram\/"},"author":{"name":"Marta Mendoza","@id":"https:\/\/cram.org\/#\/schema\/person\/1f4792f1d8af68a8a752308ecdb2624f"},"headline":"La biodiversitat marina tamb\u00e9 es descobreix de nit!","datePublished":"2026-08-31T09:02:10+00:00","mainEntityOfPage":{"@id":"https:\/\/cram.org\/ca\/jornades-nocturnes-bioblitz-submari-zec-maresme-cram\/"},"wordCount":1251,"publisher":{"@id":"https:\/\/cram.org\/#organization"},"image":{"@id":"https:\/\/cram.org\/ca\/jornades-nocturnes-bioblitz-submari-zec-maresme-cram\/#primaryimage"},"thumbnailUrl":"https:\/\/cram.org\/wp-content\/uploads\/2026\/08\/bioblitz-nocturno-1.jpg","articleSection":["not\u00edcies"],"inLanguage":"ca"},{"@type":"WebPage","@id":"https:\/\/cram.org\/ca\/jornades-nocturnes-bioblitz-submari-zec-maresme-cram\/","url":"https:\/\/cram.org\/ca\/jornades-nocturnes-bioblitz-submari-zec-maresme-cram\/","name":"La biodiversitat marina tamb\u00e9 es descobreix de nit! - CRAM","isPartOf":{"@id":"https:\/\/cram.org\/#website"},"primaryImageOfPage":{"@id":"https:\/\/cram.org\/ca\/jornades-nocturnes-bioblitz-submari-zec-maresme-cram\/#primaryimage"},"image":{"@id":"https:\/\/cram.org\/ca\/jornades-nocturnes-bioblitz-submari-zec-maresme-cram\/#primaryimage"},"thumbnailUrl":"https:\/\/cram.org\/wp-content\/uploads\/2026\/08\/bioblitz-nocturno-1.jpg","datePublished":"2026-08-31T09:02:10+00:00","breadcrumb":{"@id":"https:\/\/cram.org\/ca\/jornades-nocturnes-bioblitz-submari-zec-maresme-cram\/#breadcrumb"},"inLanguage":"ca","potentialAction":[{"@type":"ReadAction","target":["https:\/\/cram.org\/ca\/jornades-nocturnes-bioblitz-submari-zec-maresme-cram\/"]}]},{"@type":"ImageObject","inLanguage":"ca","@id":"https:\/\/cram.org\/ca\/jornades-nocturnes-bioblitz-submari-zec-maresme-cram\/#primaryimage","url":"https:\/\/cram.org\/wp-content\/uploads\/2026\/08\/bioblitz-nocturno-1.jpg","contentUrl":"https:\/\/cram.org\/wp-content\/uploads\/2026\/08\/bioblitz-nocturno-1.jpg","width":1600,"height":1200},{"@type":"BreadcrumbList","@id":"https:\/\/cram.org\/ca\/jornades-nocturnes-bioblitz-submari-zec-maresme-cram\/#breadcrumb","itemListElement":[{"@type":"ListItem","position":1,"name":"Portada","item":"https:\/\/cram.org\/ca\/"},{"@type":"ListItem","position":2,"name":"La biodiversitat marina tamb\u00e9 es descobreix de nit!"}]},{"@type":"WebSite","@id":"https:\/\/cram.org\/#website","url":"https:\/\/cram.org\/","name":"CRAM","description":"Fundaci\u00f3 per a la Conservaci\u00f3 i Recuperaci\u00f3 d'Animals Marins","publisher":{"@id":"https:\/\/cram.org\/#organization"},"potentialAction":[{"@type":"SearchAction","target":{"@type":"EntryPoint","urlTemplate":"https:\/\/cram.org\/?s={search_term_string}"},"query-input":{"@type":"PropertyValueSpecification","valueRequired":true,"valueName":"search_term_string"}}],"inLanguage":"ca"},{"@type":"Organization","@id":"https:\/\/cram.org\/#organization","name":"FUNDACI\u00d3N CRAM","url":"https:\/\/cram.org\/","logo":{"@type":"ImageObject","inLanguage":"ca","@id":"https:\/\/cram.org\/#\/schema\/logo\/image\/","url":"https:\/\/cram.org\/wp-content\/uploads\/2020\/11\/cram-logo-azul-inferior.png","contentUrl":"https:\/\/cram.org\/wp-content\/uploads\/2020\/11\/cram-logo-azul-inferior.png","width":500,"height":500,"caption":"FUNDACI\u00d3N CRAM"},"image":{"@id":"https:\/\/cram.org\/#\/schema\/logo\/image\/"},"sameAs":["https:\/\/www.facebook.com\/fundacioncram","https:\/\/x.com\/crampress","https:\/\/www.youtube.com\/user\/FundacioCRAM"]},{"@type":"Person","@id":"https:\/\/cram.org\/#\/schema\/person\/1f4792f1d8af68a8a752308ecdb2624f","name":"Marta Mendoza","url":"https:\/\/cram.org\/ca\/author\/martacram-org\/"}]}},"_links":{"self":[{"href":"https:\/\/cram.org\/ca\/wp-json\/wp\/v2\/posts\/57195","targetHints":{"allow":["GET"]}}],"collection":[{"href":"https:\/\/cram.org\/ca\/wp-json\/wp\/v2\/posts"}],"about":[{"href":"https:\/\/cram.org\/ca\/wp-json\/wp\/v2\/types\/post"}],"author":[{"embeddable":true,"href":"https:\/\/cram.org\/ca\/wp-json\/wp\/v2\/users\/8216"}],"replies":[{"embeddable":true,"href":"https:\/\/cram.org\/ca\/wp-json\/wp\/v2\/comments?post=57195"}],"version-history":[{"count":0,"href":"https:\/\/cram.org\/ca\/wp-json\/wp\/v2\/posts\/57195\/revisions"}],"wp:featuredmedia":[{"embeddable":true,"href":"https:\/\/cram.org\/ca\/wp-json\/wp\/v2\/media\/57193"}],"wp:attachment":[{"href":"https:\/\/cram.org\/ca\/wp-json\/wp\/v2\/media?parent=57195"}],"wp:term":[{"taxonomy":"category","embeddable":true,"href":"https:\/\/cram.org\/ca\/wp-json\/wp\/v2\/categories?post=57195"},{"taxonomy":"post_tag","embeddable":true,"href":"https:\/\/cram.org\/ca\/wp-json\/wp\/v2\/tags?post=57195"}],"curies":[{"name":"wp","href":"https:\/\/api.w.org\/{rel}","templated":true}]}}